{"@context":"https:\/\/schema.org\/","@type":"CollectionPage","@id":"https:\/\/lanke.ca\/category\/evenements\/#CollectionPage","headline":"\u00c9V\u00c8NEMENTS Category","description":"","url":"https:\/\/lanke.ca\/category\/evenements\/","hasPart":[{"@type":"BlogPosting","@id":"https:\/\/lanke.ca\/un-elan-de-solidarite-pour-elisa-et-fidji\/","headline":"Lanke : Un \u00c9lan de Solidarit\u00e9 pour \u00c9lisa et Fidji","url":"https:\/\/lanke.ca\/un-elan-de-solidarite-pour-elisa-et-fidji\/","datePublished":"2024-02-13","dateModified":"2024-02-13","mainEntityOfPage":"https:\/\/lanke.ca\/un-elan-de-solidarite-pour-elisa-et-fidji\/","author":{"@type":"Person","@id":"https:\/\/lanke.ca\/author\/gautier\/#Person","name":"L\u00e4nk\u0113","url":"https:\/\/lanke.ca\/author\/gautier\/","identifier":8,"image":{"@type":"ImageObject","@id":"https:\/\/secure.gravatar.com\/avatar\/eabee9fb50c97026fee93da8967dc2a1?s=96&d=mm&r=g","url":"https:\/\/secure.gravatar.com\/avatar\/eabee9fb50c97026fee93da8967dc2a1?s=96&d=mm&r=g","height":96,"width":96}},"publisher":{"@type":"Organization","name":"L\u00e4nk\u0113","logo":{"@type":"ImageObject","@id":"https:\/\/lanke.ca\/wp-content\/uploads\/2021\/01\/LOGO-horizontal-lanke.png","url":"https:\/\/lanke.ca\/wp-content\/uploads\/2021\/01\/LOGO-horizontal-lanke.png","width":404,"height":121}},"image":{"@type":"ImageObject","@id":"https:\/\/lanke.ca\/wp-content\/uploads\/2024\/02\/426230485_10159857097536828_3855178775164498505_n.jpg","url":"https:\/\/lanke.ca\/wp-content\/uploads\/2024\/02\/426230485_10159857097536828_3855178775164498505_n.jpg","height":675,"width":1188},"keywords":null}]}